{"id":1018,"date":"2026-03-05T09:00:00","date_gmt":"2026-03-05T09:00:00","guid":{"rendered":"https:\/\/decapederobeetdepee.fr\/?p=1018"},"modified":"2026-03-03T10:26:54","modified_gmt":"2026-03-03T10:26:54","slug":"conference-du-mississippi-a-versailles-amerindiens-et-francais-au-xviiie-siecle","status":"publish","type":"post","link":"https:\/\/decapederobeetdepee.fr\/index.php\/2026\/03\/05\/conference-du-mississippi-a-versailles-amerindiens-et-francais-au-xviiie-siecle\/","title":{"rendered":"Conf\u00e9rence : Du Mississippi \u00e0 Versailles : Am\u00e9rindiens et Fran\u00e7ais Au XVIIIe si\u00e8cle"},"content":{"rendered":"\n<figure class=\"wp-block-embed is-type-video is-provider-youtube wp-block-embed-youtube wp-embed-aspect-16-9 wp-has-aspect-ratio\"><div class=\"wp-block-embed__wrapper\">\n<iframe loading=\"lazy\" title=\"Du Mississippi \u00e0 Versailles : Am\u00e9rindiens et Fran\u00e7ais Au XVIIIe si\u00e8cle\" width=\"640\" height=\"360\" src=\"https:\/\/www.youtube.com\/embed\/Go-h6m46ZEY?feature=oembed\" frameborder=\"0\" allow=\"accelerometer; autoplay; clipboard-write; encrypted-media; gyroscope; picture-in-picture; web-share\" referrerpolicy=\"strict-origin-when-cross-origin\" allowfullscreen><\/iframe>\n<\/div><\/figure>\n","protected":false},"excerpt":{"rendered":"","protected":false},"author":1,"featured_media":0,"comment_status":"open","ping_status":"open","sticky":false,"template":"","format":"standard","meta":{"_jetpack_memberships_contains_paid_content":false,"footnotes":""},"categories":[12,18,88],"tags":[642,641,112,645,457,52,644],"class_list":["post-1018","post","type-post","status-publish","format-standard","hentry","category-historique","category-podcast","category-ressources","tag-chateau-de-versailles","tag-conference","tag-france","tag-jonas-musco","tag-louis-xv","tag-podcast","tag-populations-natives-americaines"],"jetpack_featured_media_url":"","jetpack_sharing_enabled":true,"_links":{"self":[{"href":"https:\/\/decapederobeetdepee.fr\/index.php\/wp-json\/wp\/v2\/posts\/1018","targetHints":{"allow":["GET"]}}],"collection":[{"href":"https:\/\/decapederobeetdepee.fr\/index.php\/wp-json\/wp\/v2\/posts"}],"about":[{"href":"https:\/\/decapederobeetdepee.fr\/index.php\/wp-json\/wp\/v2\/types\/post"}],"author":[{"embeddable":true,"href":"https:\/\/decapederobeetdepee.fr\/index.php\/wp-json\/wp\/v2\/users\/1"}],"replies":[{"embeddable":true,"href":"https:\/\/decapederobeetdepee.fr\/index.php\/wp-json\/wp\/v2\/comments?post=1018"}],"version-history":[{"count":1,"href":"https:\/\/decapederobeetdepee.fr\/index.php\/wp-json\/wp\/v2\/posts\/1018\/revisions"}],"predecessor-version":[{"id":1019,"href":"https:\/\/decapederobeetdepee.fr\/index.php\/wp-json\/wp\/v2\/posts\/1018\/revisions\/1019"}],"wp:attachment":[{"href":"https:\/\/decapederobeetdepee.fr\/index.php\/wp-json\/wp\/v2\/media?parent=1018"}],"wp:term":[{"taxonomy":"category","embeddable":true,"href":"https:\/\/decapederobeetdepee.fr\/index.php\/wp-json\/wp\/v2\/categories?post=1018"},{"taxonomy":"post_tag","embeddable":true,"href":"https:\/\/decapederobeetdepee.fr\/index.php\/wp-json\/wp\/v2\/tags?post=1018"}],"curies":[{"name":"wp","href":"https:\/\/api.w.org\/{rel}","templated":true}]}}