{"id":1020,"date":"2026-03-08T12:16:55","date_gmt":"2026-03-08T12:16:55","guid":{"rendered":"https:\/\/decapederobeetdepee.fr\/?p=1020"},"modified":"2026-03-08T12:16:56","modified_gmt":"2026-03-08T12:16:56","slug":"lescadron-de-la-reine-t-01-au-service-de-la-couronne","status":"publish","type":"post","link":"https:\/\/decapederobeetdepee.fr\/index.php\/2026\/03\/08\/lescadron-de-la-reine-t-01-au-service-de-la-couronne\/","title":{"rendered":"L&rsquo;escadron de la Reine, T.01 : Au service de la couronne"},"content":{"rendered":"\n<h2 class=\"wp-block-heading\">Synopsis&nbsp;:<\/h2>\n\n\n\n<p>FRANCE, XVIe SI\u00c8CLE.<\/p>\n\n\n\n<p>Victoria de Ayala, une jeune femme qui tente d\u2019\u00e9chapper \u00e0 un mariage arrang\u00e9, voit sa vie prendre un tournant inattendu lorsqu\u2019elle croise, par hasard, le chemin de l\u2019Escadron Volant, un bataillon d\u2019espionnes au service de la reine m\u00e8re Catherine de M\u00e9dicis.<\/p>\n\n\n\n<p>Victoria est recrut\u00e9e et doit remplir sa premi\u00e8re mission avant m\u00eame d\u2019avoir \u00e9t\u00e9 form\u00e9e. La jeune femme ne tarde pas \u00e0 d\u00e9couvrir que la ruse et le charme valent parfois mieux que la force. Alors que les tensions politiques et religieuses menacent de mettre le feu l\u2019Europe et que les complots font rage, l\u2019Escadron Volant se d\u00e9m\u00e8ne pour sauver le royaume de France\u2026<\/p>\n\n\n\n<div class=\"wp-block-group is-nowrap is-layout-flex wp-container-core-group-is-layout-ad2f72ca wp-block-group-is-layout-flex\">\n<h2 class=\"wp-block-heading\">Dessin\u00a0: <\/h2>\n\n\n\n<p>Munoz<\/p>\n\n\n\n<h2 class=\"wp-block-heading\">Sc\u00e9nario\u00a0: <\/h2>\n\n\n\n<p>Raule<\/p>\n\n\n\n<h2 class=\"wp-block-heading\">Couleur\u00a0: <\/h2>\n\n\n\n<p>Santiago Arcas Olmedo<\/p>\n<\/div>\n\n\n\n<hr class=\"wp-block-separator has-alpha-channel-opacity\"\/>\n\n\n\n<h2 class=\"wp-block-heading\">Plaisir de lecture&nbsp;:<\/h2>\n\n\n\n<p>Belle surprise.<\/p>\n\n\n\n<p>Une grande majorit\u00e9 de personnages f\u00e9minins, historiques et fictifs, de la diversit\u00e9.<\/p>\n\n\n\n<p>Une intrigue simple mais efficace, mais avec un petit point \u201cfantastique\u201d pas d\u00e9plaisant.<\/p>\n\n\n\n<figure class=\"wp-block-image size-full\"><img loading=\"lazy\" decoding=\"async\" width=\"240\" height=\"80\" src=\"https:\/\/decapederobeetdepee.fr\/wp-content\/uploads\/2025\/09\/Note-3-4.png\" alt=\"\" class=\"wp-image-359\"\/><\/figure>\n\n\n\n<h2 class=\"wp-block-heading\">Historicit\u00e9&nbsp;:<\/h2>\n\n\n\n<p>Je dirais assez historique, avec nombres de personnages historiques, des r\u00e9f\u00e9rences culturelles fiables, mais avec des libert\u00e9s que n\u00e9cessaire une bonne fiction.<\/p>\n\n\n\n<figure class=\"wp-block-image size-full\"><img loading=\"lazy\" decoding=\"async\" width=\"240\" height=\"80\" src=\"https:\/\/decapederobeetdepee.fr\/wp-content\/uploads\/2025\/09\/Note-3-4.png\" alt=\"\" class=\"wp-image-359\"\/><\/figure>\n\n\n\n<hr class=\"wp-block-separator has-alpha-channel-opacity\"\/>\n\n\n\n<h2 class=\"wp-block-heading\">Disponibilit\u00e9&nbsp;:<\/h2>\n\n\n\n<p>Papier.<\/p>\n\n\n\n<p>Neuf ou Occasion.<\/p>\n\n\n\n<h2 class=\"wp-block-heading\">Bonus Point Chat&nbsp;:<\/h2>\n\n\n\n<p>On sous-estime les insectes.<\/p>\n\n\n\n<figure class=\"wp-block-image size-full\"><img loading=\"lazy\" decoding=\"async\" width=\"160\" height=\"80\" src=\"https:\/\/decapederobeetdepee.fr\/wp-content\/uploads\/2025\/08\/5-2.png\" alt=\"\" class=\"wp-image-151\"\/><\/figure>\n\n\n\n<p><\/p>\n","protected":false},"excerpt":{"rendered":"<p>Synopsis&nbsp;: FRANCE, XVIe SI\u00c8CLE. Victoria de Ayala, une jeune femme qui tente d\u2019\u00e9chapper \u00e0 un mariage arrang\u00e9, voit sa vie prendre un tournant inattendu lorsqu\u2019elle croise, par hasard, le chemin de l\u2019Escadron Volant, un bataillon d\u2019espionnes au service de la reine m\u00e8re Catherine de M\u00e9dicis. Victoria est recrut\u00e9e et doit remplir sa premi\u00e8re mission avant [&hellip;]<\/p>\n","protected":false},"author":1,"featured_media":1021,"comment_status":"open","ping_status":"open","sticky":false,"template":"","format":"standard","meta":{"_jetpack_memberships_contains_paid_content":false,"footnotes":""},"categories":[3,242,20],"tags":[47,243,465,221,123,119,650,248,646,140,647,648,114],"class_list":["post-1020","post","type-post","status-publish","format-standard","has-post-thumbnail","hentry","category-cape-et-depee","category-graphiques","category-xvie","tag-aventure","tag-bd","tag-catherine-de-medicis","tag-femme","tag-femme-combattante","tag-femme-racisee","tag-francois-dalencon","tag-graphique","tag-munoz","tag-paris","tag-raule","tag-ruggeri","tag-xvie"],"jetpack_featured_media_url":"https:\/\/decapederobeetdepee.fr\/wp-content\/uploads\/2026\/03\/Lescadron-de-la-reine-01.jpg","jetpack_sharing_enabled":true,"_links":{"self":[{"href":"https:\/\/decapederobeetdepee.fr\/index.php\/wp-json\/wp\/v2\/posts\/1020","targetHints":{"allow":["GET"]}}],"collection":[{"href":"https:\/\/decapederobeetdepee.fr\/index.php\/wp-json\/wp\/v2\/posts"}],"about":[{"href":"https:\/\/decapederobeetdepee.fr\/index.php\/wp-json\/wp\/v2\/types\/post"}],"author":[{"embeddable":true,"href":"https:\/\/decapederobeetdepee.fr\/index.php\/wp-json\/wp\/v2\/users\/1"}],"replies":[{"embeddable":true,"href":"https:\/\/decapederobeetdepee.fr\/index.php\/wp-json\/wp\/v2\/comments?post=1020"}],"version-history":[{"count":1,"href":"https:\/\/decapederobeetdepee.fr\/index.php\/wp-json\/wp\/v2\/posts\/1020\/revisions"}],"predecessor-version":[{"id":1022,"href":"https:\/\/decapederobeetdepee.fr\/index.php\/wp-json\/wp\/v2\/posts\/1020\/revisions\/1022"}],"wp:featuredmedia":[{"embeddable":true,"href":"https:\/\/decapederobeetdepee.fr\/index.php\/wp-json\/wp\/v2\/media\/1021"}],"wp:attachment":[{"href":"https:\/\/decapederobeetdepee.fr\/index.php\/wp-json\/wp\/v2\/media?parent=1020"}],"wp:term":[{"taxonomy":"category","embeddable":true,"href":"https:\/\/decapederobeetdepee.fr\/index.php\/wp-json\/wp\/v2\/categories?post=1020"},{"taxonomy":"post_tag","embeddable":true,"href":"https:\/\/decapederobeetdepee.fr\/index.php\/wp-json\/wp\/v2\/tags?post=1020"}],"curies":[{"name":"wp","href":"https:\/\/api.w.org\/{rel}","templated":true}]}}